{"id":2267,"date":"2021-03-27T08:07:01","date_gmt":"2021-03-27T08:07:01","guid":{"rendered":"http:\/\/blog.familienzentrum-kess.de\/?p=2267"},"modified":"2021-03-27T08:11:34","modified_gmt":"2021-03-27T08:11:34","slug":"jetzt-ist-unser-neuer-kurs-fertig","status":"publish","type":"post","link":"http:\/\/blog.familienzentrum-kess.de\/?p=2267","title":{"rendered":"Jetzt ist unser neuer Kurs fertig!!!"},"content":{"rendered":"<div class=\"jetpack-video-wrapper\"><span class=\"embed-youtube\" style=\"text-align:center; display: block;\"><iframe loading=\"lazy\" class=\"youtube-player\" width=\"560\" height=\"315\" src=\"https:\/\/www.youtube.com\/embed\/vRliH2cSoMI?version=3&#038;rel=1&#038;showsearch=0&#038;showinfo=1&#038;iv_load_policy=1&#038;fs=1&#038;hl=de-DE&#038;autohide=2&#038;wmode=transparent\" allowfullscreen=\"true\" style=\"border:0;\" sandbox=\"allow-scripts allow-same-origin allow-popups allow-presentation allow-popups-to-escape-sandbox\"><\/iframe><\/span><\/div>\n<p>Wir wollen den <strong>Fr\u00fchling<\/strong> mit euch feiern, die <strong>St\u00f6rche<\/strong> besuchen, mit den <strong>Fischen<\/strong> singen, \u00fcber den Main auf einer Br\u00fccke von Stein <strong>tanzen<\/strong> und vieles mehr!<!--more--><\/p>\n<p>Unsere neue<strong> Musikwelt \u201eIm Fr\u00fchling\u201c<\/strong> umfasst 4 Einheiten mit Liedern und gemeinsamen Bastelaktionen!<br \/>\nDar\u00fcber hinaus bekommt man zwei Kurzfilme:<br \/>\n<strong>\u201eWir bauen Rasseleier\u201c <\/strong>und&nbsp;<strong>\u201eWir bauen Trommeln\u201c<\/strong><\/p>\n<p>Die Anmeldung geht ganz einfach:<br \/>\nSchickt eine<strong> Email ans KESS<\/strong> unter <strong>mgh@familienzentrum-kess.de<br \/>\n<\/strong>Danach erhaltet ihr eine Begr\u00fc\u00dfungsmail mit allen Details und einem Anmeldeformular. Passendes Material zum Kurs kann vor Ort zu den \u00d6ffnungszeiten abgeholt werden.<\/p>\n<p>Besonders freuen wir uns, dass wir auch dieses Mal wieder im Kooperationsverbund mit den <b>Familienb\u00fcros der Gemeinden Wietze, Eschede und Winsen und der Kunstspirale in<\/b> <b>H\u00e4nigsen<\/b> arbeiten. <strong>Auch dort gibt es Materialt\u00fctchen zum Abholen!<\/strong><br \/>\nEs entstehen in allen H\u00e4usern tolle neue&nbsp;Angebote im online-Format und ein Miteinander ist ein gro\u00dfer Gewinn!<\/p>\n<p>Mit unserem neuen <a href=\"https:\/\/youtu.be\/eUsX0tuhAUs\">Trailer<\/a> k\u00f6nnt ihr euch auf unser \u201eKESS to go\u201c einstimmen!<\/p>\n<p>Viel Spa\u00df beim Anschauen,<br \/>\nwir w\u00fcnschen euch <strong>supersch\u00f6ne Ostern<\/strong> und freuen uns auf viele Anmeldungen!!!<\/p>\n<p><a href=\"https:\/\/i0.wp.com\/blog.familienzentrum-kess.de\/wp-content\/uploads\/2021\/03\/Flyer-Kooperation-Online-Kurse-Musikwelten-im-Fruehling-Kopie.jpg\"><img data-recalc-dims=\"1\" loading=\"lazy\" decoding=\"async\" data-attachment-id=\"2306\" data-permalink=\"http:\/\/blog.familienzentrum-kess.de\/?attachment_id=2306\" data-orig-file=\"https:\/\/i0.wp.com\/blog.familienzentrum-kess.de\/wp-content\/uploads\/2021\/03\/Flyer-Kooperation-Online-Kurse-Musikwelten-im-Fruehling-Kopie.jpg?fit=1162%2C1571\" data-orig-size=\"1162,1571\" data-comments-opened=\"1\" data-image-meta=\"{&quot;aperture&quot;:&quot;0&quot;,&quot;credit&quot;:&quot;&quot;,&quot;camera&quot;:&quot;&quot;,&quot;caption&quot;:&quot;&quot;,&quot;created_timestamp&quot;:&quot;0&quot;,&quot;copyright&quot;:&quot;&quot;,&quot;focal_length&quot;:&quot;0&quot;,&quot;iso&quot;:&quot;0&quot;,&quot;shutter_speed&quot;:&quot;0&quot;,&quot;title&quot;:&quot;&quot;,&quot;orientation&quot;:&quot;0&quot;}\" data-image-title=\"Flyer Kooperation Online Kurse Musikwelten im Fr\u00fchling Kopie\" data-image-description=\"\" data-image-caption=\"\" data-large-file=\"https:\/\/i0.wp.com\/blog.familienzentrum-kess.de\/wp-content\/uploads\/2021\/03\/Flyer-Kooperation-Online-Kurse-Musikwelten-im-Fruehling-Kopie.jpg?fit=678%2C917\" class=\"size-medium wp-image-2306 aligncenter\" src=\"https:\/\/i0.wp.com\/blog.familienzentrum-kess.de\/wp-content\/uploads\/2021\/03\/Flyer-Kooperation-Online-Kurse-Musikwelten-im-Fruehling-Kopie.jpg?resize=222%2C300\" alt=\"\" width=\"222\" height=\"300\" srcset=\"https:\/\/i0.wp.com\/blog.familienzentrum-kess.de\/wp-content\/uploads\/2021\/03\/Flyer-Kooperation-Online-Kurse-Musikwelten-im-Fruehling-Kopie.jpg?resize=222%2C300 222w, https:\/\/i0.wp.com\/blog.familienzentrum-kess.de\/wp-content\/uploads\/2021\/03\/Flyer-Kooperation-Online-Kurse-Musikwelten-im-Fruehling-Kopie.jpg?resize=757%2C1024 757w, https:\/\/i0.wp.com\/blog.familienzentrum-kess.de\/wp-content\/uploads\/2021\/03\/Flyer-Kooperation-Online-Kurse-Musikwelten-im-Fruehling-Kopie.jpg?resize=768%2C1038 768w, https:\/\/i0.wp.com\/blog.familienzentrum-kess.de\/wp-content\/uploads\/2021\/03\/Flyer-Kooperation-Online-Kurse-Musikwelten-im-Fruehling-Kopie.jpg?resize=1136%2C1536 1136w, https:\/\/i0.wp.com\/blog.familienzentrum-kess.de\/wp-content\/uploads\/2021\/03\/Flyer-Kooperation-Online-Kurse-Musikwelten-im-Fruehling-Kopie.jpg?w=1162 1162w\" sizes=\"auto, (max-width: 222px) 100vw, 222px\" \/><\/a><\/p>\n","protected":false},"excerpt":{"rendered":"<p>Wir wollen den Fr\u00fchling mit euch feiern, die St\u00f6rche besuchen, mit den Fischen singen, \u00fcber den Main auf einer Br\u00fccke von Stein tanzen und vieles mehr!<\/p>\n","protected":false},"author":3,"featured_media":2277,"comment_status":"open","ping_status":"open","sticky":false,"template":"","format":"standard","meta":{"ngg_post_thumbnail":0,"jetpack_post_was_ever_published":false,"_jetpack_newsletter_access":"","_jetpack_dont_email_post_to_subs":false,"_jetpack_newsletter_tier_id":0,"_jetpack_memberships_contains_paywalled_content":false,"_jetpack_memberships_contains_paid_content":false,"footnotes":"","jetpack_publicize_message":"","jetpack_publicize_feature_enabled":true,"jetpack_social_post_already_shared":true,"jetpack_social_options":{"image_generator_settings":{"template":"highway","default_image_id":0,"font":"","enabled":false},"version":2}},"categories":[4],"tags":[],"class_list":["post-2267","post","type-post","status-publish","format-standard","has-post-thumbnail","hentry","category-rund-um-familien"],"jetpack_publicize_connections":[],"jetpack_featured_media_url":"https:\/\/i0.wp.com\/blog.familienzentrum-kess.de\/wp-content\/uploads\/2021\/03\/DSC02604-scaled.jpg?fit=2560%2C1708","jetpack_sharing_enabled":true,"jetpack_shortlink":"https:\/\/wp.me\/p9ruXL-Az","jetpack_likes_enabled":false,"jetpack-related-posts":[{"id":2162,"url":"http:\/\/blog.familienzentrum-kess.de\/?p=2162","url_meta":{"origin":2267,"position":0},"title":"Das KESS to go&#8230; :-)","author":"Redaktion KESS","date":"Februar 22, 2021","format":false,"excerpt":"Der neue Hybrid-Online-Kurs \u201eMusikwelt im Fr\u00fchling\u201c.... ein gro\u00dfartiges Konzept! Angefangen hatte es mit der Idee, dass Kurse, die in Pr\u00e4senz nicht zu Ende gef\u00fchrt werden konnten, einen w\u00fcrdigen Abschluss finden sollten. Also haben wir uns einfach hingesetzt und mit dem Handy eine Kursstunde gedreht. Diese wurde zu YouTube hochgeladen und\u2026","rel":"","context":"In &quot;Rund um Familien&quot;","block_context":{"text":"Rund um Familien","link":"http:\/\/blog.familienzentrum-kess.de\/?cat=4"},"img":{"alt_text":"","src":"https:\/\/i0.wp.com\/blog.familienzentrum-kess.de\/wp-content\/uploads\/2019\/12\/cropped-IMG_9604-scaled-1.jpeg?fit=1200%2C750&resize=350%2C200","width":350,"height":200,"srcset":"https:\/\/i0.wp.com\/blog.familienzentrum-kess.de\/wp-content\/uploads\/2019\/12\/cropped-IMG_9604-scaled-1.jpeg?fit=1200%2C750&resize=350%2C200 1x, https:\/\/i0.wp.com\/blog.familienzentrum-kess.de\/wp-content\/uploads\/2019\/12\/cropped-IMG_9604-scaled-1.jpeg?fit=1200%2C750&resize=525%2C300 1.5x, https:\/\/i0.wp.com\/blog.familienzentrum-kess.de\/wp-content\/uploads\/2019\/12\/cropped-IMG_9604-scaled-1.jpeg?fit=1200%2C750&resize=700%2C400 2x, https:\/\/i0.wp.com\/blog.familienzentrum-kess.de\/wp-content\/uploads\/2019\/12\/cropped-IMG_9604-scaled-1.jpeg?fit=1200%2C750&resize=1050%2C600 3x"},"classes":[]},{"id":1233,"url":"http:\/\/blog.familienzentrum-kess.de\/?p=1233","url_meta":{"origin":2267,"position":1},"title":"Es krabbelt in der KESS-Mitmach-Ausstellung :-)","author":"Redaktion KESS","date":"Februar 11, 2019","format":false,"excerpt":"Es entwickelt sich... Unter diesem Motto steht seit Herbst 2018 eine Mitmach-Ausstellung, in der es um Entwicklung geht\u2026.bei Kindern, Baustellen, D\u00f6rfern oder eben auch bei Tieren! Gerade dann, wenn\u00a0 sich der Fr\u00fchling drau\u00dfen noch nicht zeigt, beginnt bei Pflanzen und Tieren eine spannende Entwicklungsphase: Um diese Ver\u00e4nderungsprozesse nun genau beobachten\u2026","rel":"","context":"In &quot;Aus der gro\u00dfen weiten Welt&quot;","block_context":{"text":"Aus der gro\u00dfen weiten Welt","link":"http:\/\/blog.familienzentrum-kess.de\/?cat=5"},"img":{"alt_text":"","src":"https:\/\/i0.wp.com\/blog.familienzentrum-kess.de\/wp-content\/uploads\/2019\/02\/AmeisenCIMG6712.jpg?fit=640%2C480&resize=350%2C200","width":350,"height":200,"srcset":"https:\/\/i0.wp.com\/blog.familienzentrum-kess.de\/wp-content\/uploads\/2019\/02\/AmeisenCIMG6712.jpg?fit=640%2C480&resize=350%2C200 1x, https:\/\/i0.wp.com\/blog.familienzentrum-kess.de\/wp-content\/uploads\/2019\/02\/AmeisenCIMG6712.jpg?fit=640%2C480&resize=525%2C300 1.5x"},"classes":[]},{"id":1931,"url":"http:\/\/blog.familienzentrum-kess.de\/?p=1931","url_meta":{"origin":2267,"position":2},"title":"Ein erfolgreicher Fotokurs neigt sich dem Ende zu&#8230; :-)","author":"Redaktion KESS","date":"November 3, 2020","format":false,"excerpt":"Vom Fr\u00fchling bis zum Winter fand in diesem Jahr ein Fotokurs rund um Wienhausen statt. Bei Wind und Wetter, Sonne und Regen streiften wir monatlich durch die Natur. Vom Klosterpark bis zur Aller und den nahe gelegenen Seen, besuchten wir die Waldgebiete inklusive Teile der begehrten Wanderwege. Dabei war und\u2026","rel":"","context":"In &quot;Aus der gro\u00dfen weiten Welt&quot;","block_context":{"text":"Aus der gro\u00dfen weiten Welt","link":"http:\/\/blog.familienzentrum-kess.de\/?cat=5"},"img":{"alt_text":"","src":"https:\/\/i0.wp.com\/blog.familienzentrum-kess.de\/wp-content\/uploads\/2020\/11\/IMG_0387.jpeg?fit=1200%2C1200&resize=350%2C200","width":350,"height":200,"srcset":"https:\/\/i0.wp.com\/blog.familienzentrum-kess.de\/wp-content\/uploads\/2020\/11\/IMG_0387.jpeg?fit=1200%2C1200&resize=350%2C200 1x, https:\/\/i0.wp.com\/blog.familienzentrum-kess.de\/wp-content\/uploads\/2020\/11\/IMG_0387.jpeg?fit=1200%2C1200&resize=525%2C300 1.5x, https:\/\/i0.wp.com\/blog.familienzentrum-kess.de\/wp-content\/uploads\/2020\/11\/IMG_0387.jpeg?fit=1200%2C1200&resize=700%2C400 2x, https:\/\/i0.wp.com\/blog.familienzentrum-kess.de\/wp-content\/uploads\/2020\/11\/IMG_0387.jpeg?fit=1200%2C1200&resize=1050%2C600 3x"},"classes":[]},{"id":2127,"url":"http:\/\/blog.familienzentrum-kess.de\/?p=2127","url_meta":{"origin":2267,"position":3},"title":"2020 war wirklich ein besonderes Jahr\u2026\u00a0","author":"Redaktion KESS","date":"Dezember 31, 2020","format":false,"excerpt":"Zum letzten Jahreswechsel hat bestimmt niemand gedacht, dass uns ein Virus solch eine herausfordernde Zeit bringen w\u00fcrde. Als wir dann im M\u00e4rz lernen mussten, mit den ersten Entscheidungen der Landesregierung umzugehen, konnten wir mit kleinen Filmen, in denen unsere Handpuppe Katharina Kw\u00e4hrdenker die Hauptrolle spielt, bei dem einen oder der\u2026","rel":"","context":"In &quot;Rund um Familien&quot;","block_context":{"text":"Rund um Familien","link":"http:\/\/blog.familienzentrum-kess.de\/?cat=4"},"img":{"alt_text":"","src":"https:\/\/i0.wp.com\/blog.familienzentrum-kess.de\/wp-content\/uploads\/2020\/12\/IMG_2365-scaled.jpeg?fit=900%2C1200&resize=350%2C200","width":350,"height":200,"srcset":"https:\/\/i0.wp.com\/blog.familienzentrum-kess.de\/wp-content\/uploads\/2020\/12\/IMG_2365-scaled.jpeg?fit=900%2C1200&resize=350%2C200 1x, https:\/\/i0.wp.com\/blog.familienzentrum-kess.de\/wp-content\/uploads\/2020\/12\/IMG_2365-scaled.jpeg?fit=900%2C1200&resize=525%2C300 1.5x, https:\/\/i0.wp.com\/blog.familienzentrum-kess.de\/wp-content\/uploads\/2020\/12\/IMG_2365-scaled.jpeg?fit=900%2C1200&resize=700%2C400 2x"},"classes":[]},{"id":1907,"url":"http:\/\/blog.familienzentrum-kess.de\/?p=1907","url_meta":{"origin":2267,"position":4},"title":"Wir auf dem Land halten zusammen &#8211; mit Fantasie und Kreativit\u00e4t!","author":"Redaktion KESS","date":"Oktober 24, 2020","format":false,"excerpt":"Ein bewegtes halbes Jahr liegt hinter uns: Vieles, was vor Corona als angenehm und wohltuend gewertet wurde, wie \"einander in den Arm nehmen\", \"gemeinsam singen\", \"auf Reisen gehen\", gilt heute als gef\u00e4hrdend. Empathisch zu sein bedeutet: Abstand halten, gr\u00f6\u00dfere Gruppen meiden und Ber\u00fchrungen auf das N\u00f6tigste beschr\u00e4nken. Dieses Szenario h\u00e4tten\u2026","rel":"","context":"In &quot;Rund um Familien&quot;","block_context":{"text":"Rund um Familien","link":"http:\/\/blog.familienzentrum-kess.de\/?cat=4"},"img":{"alt_text":"","src":"https:\/\/i0.wp.com\/blog.familienzentrum-kess.de\/wp-content\/uploads\/2020\/09\/IMG_2311-rotated.jpg?fit=240%2C320&resize=350%2C200","width":350,"height":200},"classes":[]},{"id":1147,"url":"http:\/\/blog.familienzentrum-kess.de\/?p=1147","url_meta":{"origin":2267,"position":5},"title":"Die neuen &#8222;Bufdis&#8220; stellen sich vor","author":"Redaktion KESS","date":"November 23, 2018","format":false,"excerpt":"Hi liebe Leser\/Innen unseres Blogs, wir sind Pia und Joscha, die neuen Bundesfreiwilligendienstler im KESS Familienzentrum. Wir werden das n\u00e4chste Jahr zusammen mit Euch im Kess gestalten. Doch zuerst ein paar Anmerkungen \u00fcber uns: Wir kommen beide aus Wathlingen und sind um die 20 Jahre alt. Wir beide kennen uns\u2026","rel":"","context":"In &quot;Rund um Familien&quot;","block_context":{"text":"Rund um Familien","link":"http:\/\/blog.familienzentrum-kess.de\/?cat=4"},"img":{"alt_text":"","src":"https:\/\/i0.wp.com\/blog.familienzentrum-kess.de\/wp-content\/uploads\/2018\/11\/Pia-und-Joscha-e1542985404978.jpg?fit=1200%2C900&resize=350%2C200","width":350,"height":200,"srcset":"https:\/\/i0.wp.com\/blog.familienzentrum-kess.de\/wp-content\/uploads\/2018\/11\/Pia-und-Joscha-e1542985404978.jpg?fit=1200%2C900&resize=350%2C200 1x, https:\/\/i0.wp.com\/blog.familienzentrum-kess.de\/wp-content\/uploads\/2018\/11\/Pia-und-Joscha-e1542985404978.jpg?fit=1200%2C900&resize=525%2C300 1.5x, https:\/\/i0.wp.com\/blog.familienzentrum-kess.de\/wp-content\/uploads\/2018\/11\/Pia-und-Joscha-e1542985404978.jpg?fit=1200%2C900&resize=700%2C400 2x, https:\/\/i0.wp.com\/blog.familienzentrum-kess.de\/wp-content\/uploads\/2018\/11\/Pia-und-Joscha-e1542985404978.jpg?fit=1200%2C900&resize=1050%2C600 3x"},"classes":[]}],"_links":{"self":[{"href":"http:\/\/blog.familienzentrum-kess.de\/index.php?rest_route=\/wp\/v2\/posts\/2267","targetHints":{"allow":["GET"]}}],"collection":[{"href":"http:\/\/blog.familienzentrum-kess.de\/index.php?rest_route=\/wp\/v2\/posts"}],"about":[{"href":"http:\/\/blog.familienzentrum-kess.de\/index.php?rest_route=\/wp\/v2\/types\/post"}],"author":[{"embeddable":true,"href":"http:\/\/blog.familienzentrum-kess.de\/index.php?rest_route=\/wp\/v2\/users\/3"}],"replies":[{"embeddable":true,"href":"http:\/\/blog.familienzentrum-kess.de\/index.php?rest_route=%2Fwp%2Fv2%2Fcomments&post=2267"}],"version-history":[{"count":15,"href":"http:\/\/blog.familienzentrum-kess.de\/index.php?rest_route=\/wp\/v2\/posts\/2267\/revisions"}],"predecessor-version":[{"id":2312,"href":"http:\/\/blog.familienzentrum-kess.de\/index.php?rest_route=\/wp\/v2\/posts\/2267\/revisions\/2312"}],"wp:featuredmedia":[{"embeddable":true,"href":"http:\/\/blog.familienzentrum-kess.de\/index.php?rest_route=\/wp\/v2\/media\/2277"}],"wp:attachment":[{"href":"http:\/\/blog.familienzentrum-kess.de\/index.php?rest_route=%2Fwp%2Fv2%2Fmedia&parent=2267"}],"wp:term":[{"taxonomy":"category","embeddable":true,"href":"http:\/\/blog.familienzentrum-kess.de\/index.php?rest_route=%2Fwp%2Fv2%2Fcategories&post=2267"},{"taxonomy":"post_tag","embeddable":true,"href":"http:\/\/blog.familienzentrum-kess.de\/index.php?rest_route=%2Fwp%2Fv2%2Ftags&post=2267"}],"curies":[{"name":"wp","href":"https:\/\/api.w.org\/{rel}","templated":true}]}}