{"id":2162,"date":"2021-02-22T14:11:47","date_gmt":"2021-02-22T14:11:47","guid":{"rendered":"http:\/\/blog.familienzentrum-kess.de\/?p=2162"},"modified":"2021-02-22T14:12:32","modified_gmt":"2021-02-22T14:12:32","slug":"das-kess-to-go","status":"publish","type":"post","link":"http:\/\/blog.familienzentrum-kess.de\/?p=2162","title":{"rendered":"Das KESS to go&#8230; :-)"},"content":{"rendered":"<p>Der neue <strong>Hybrid-Online-Kurs \u201eMusikwelt im Fr\u00fchling\u201c<\/strong><!--more-->&#8230;. ein gro\u00dfartiges Konzept!<\/p>\n<p>Angefangen hatte es mit der Idee, dass Kurse, die in Pr\u00e4senz nicht zu Ende gef\u00fchrt werden konnten, einen w\u00fcrdigen Abschluss finden sollten. Also haben wir uns einfach hingesetzt und mit dem Handy eine Kursstunde gedreht. Diese wurde zu YouTube hochgeladen und mit einem Link an die Kursteilnehmer verschickt. Das hat dann so super geklappt, dass wir weitere Kurseinheiten gedreht, das Equipment um gutes Licht, bessere Kamera und gute Mikrofone erweitert haben. Mit ganz viel Spa\u00df und Elan konnten wir so den Eltern und Kindern die M\u00f6glichkeit geben, das KESS zu sich nach Hause zu holen!&nbsp;<\/p>\n<p><strong>Nun ist es ja so, wenn etwas so viel Spa\u00df macht und gut gelingt, dann m\u00f6chte man weitermachen&#8230;<\/strong><br \/>\nDeshalb wurde kurzerhand ein kompletter Online Kurs namens <strong>&#8222;Die Musikwelt im Winter&#8220;<\/strong> ins Leben gerufen und flei\u00dfig weiter gedreht. Zu jeder Einheit konnten sich die Kursteilnehmer, einmal in der Woche, das Material f\u00fcr den kreativen Teil der Kursstunde aus dem KESS abholen, so kam man f\u00fcr kurze Zeit bei der \u00dcbergabe auch wieder zu einem pers\u00f6nlichen Gespr\u00e4ch!&nbsp;<\/p>\n<p>Allerdings geht der Winter langsam zu Ende und es ist Zeit f\u00fcr eine neue Musikwelt: <strong>&#8222;Das Fr\u00fchlingserwachen&#8220;<\/strong>&#8230; Nat\u00fcrlich freuen wir uns \u00fcber ganz viele Interessierte, die sich im KESS melden k\u00f6nnen, um mit uns den Fr\u00fchling zu feiern!<br \/>\n<strong>Verk\u00fcrzen wir uns gemeinsam das Warten auf den Osterhasen! \ud83d\ude42<\/strong>&nbsp;<\/p>\n<p>Hier ein paar Einblicke frei nach dem Motto: <strong>&#8222;Der Fantasie sind keine Grenzen gesetzt!&#8220;<br \/>\n<\/strong><\/p>\n<p>ngg_shortcode_0_placeholder<strong>&nbsp;<\/strong><\/p>\n<p>&nbsp;<\/p>\n<p>&nbsp;<\/p>\n<p>&nbsp;<\/p>\n","protected":false},"excerpt":{"rendered":"<p>Der neue Hybrid-Online-Kurs \u201eMusikwelt im Fr\u00fchling\u201c<\/p>\n","protected":false},"author":3,"featured_media":1881,"comment_status":"open","ping_status":"open","sticky":false,"template":"","format":"standard","meta":{"ngg_post_thumbnail":0,"jetpack_post_was_ever_published":false,"_jetpack_newsletter_access":"","_jetpack_dont_email_post_to_subs":false,"_jetpack_newsletter_tier_id":0,"_jetpack_memberships_contains_paywalled_content":false,"_jetpack_memberships_contains_paid_content":false,"footnotes":"","jetpack_publicize_message":"","jetpack_publicize_feature_enabled":true,"jetpack_social_post_already_shared":true,"jetpack_social_options":{"image_generator_settings":{"template":"highway","default_image_id":0,"font":"","enabled":false},"version":2}},"categories":[4],"tags":[],"class_list":["post-2162","post","type-post","status-publish","format-standard","has-post-thumbnail","hentry","category-rund-um-familien"],"jetpack_publicize_connections":[],"jetpack_featured_media_url":"https:\/\/i0.wp.com\/blog.familienzentrum-kess.de\/wp-content\/uploads\/2019\/12\/cropped-IMG_9604-scaled-1.jpeg?fit=1440%2C900","jetpack_sharing_enabled":true,"jetpack_shortlink":"https:\/\/wp.me\/p9ruXL-yS","jetpack_likes_enabled":false,"jetpack-related-posts":[{"id":559,"url":"http:\/\/blog.familienzentrum-kess.de\/?p=559","url_meta":{"origin":2162,"position":0},"title":"Adventszeit im Kl\u00f6n-Caf\u00e9&#8230; :-)","author":"Redaktion KESS","date":"Dezember 15, 2017","format":false,"excerpt":"Um sich ein wenig auf Weihnachten einzustimmen, wurde im Kl\u00f6n-Caf\u00e9 wieder einmal die Kreativit\u00e4t entdeckt... Durch eine tolle Idee unserer Praktikantin Franka sind aus einfachen Butterbrott\u00fcten wunderbar bunte Sterne geworden! Zuerst haben wir die Tuschk\u00e4sten unsicher gemacht und mit viel Elan die T\u00fcten angespritzt, da blieb kein Finger farblos! Um\u2026","rel":"","context":"In &quot;Bei Tante Emma und Onkel Willi&quot;","block_context":{"text":"Bei Tante Emma und Onkel Willi","link":"http:\/\/blog.familienzentrum-kess.de\/?cat=2"},"img":{"alt_text":"","src":"https:\/\/i0.wp.com\/blog.familienzentrum-kess.de\/wp-content\/uploads\/2017\/12\/fertige-Sterne3.jpg?fit=1200%2C900&resize=350%2C200","width":350,"height":200,"srcset":"https:\/\/i0.wp.com\/blog.familienzentrum-kess.de\/wp-content\/uploads\/2017\/12\/fertige-Sterne3.jpg?fit=1200%2C900&resize=350%2C200 1x, https:\/\/i0.wp.com\/blog.familienzentrum-kess.de\/wp-content\/uploads\/2017\/12\/fertige-Sterne3.jpg?fit=1200%2C900&resize=525%2C300 1.5x, https:\/\/i0.wp.com\/blog.familienzentrum-kess.de\/wp-content\/uploads\/2017\/12\/fertige-Sterne3.jpg?fit=1200%2C900&resize=700%2C400 2x, https:\/\/i0.wp.com\/blog.familienzentrum-kess.de\/wp-content\/uploads\/2017\/12\/fertige-Sterne3.jpg?fit=1200%2C900&resize=1050%2C600 3x"},"classes":[]},{"id":2127,"url":"http:\/\/blog.familienzentrum-kess.de\/?p=2127","url_meta":{"origin":2162,"position":1},"title":"2020 war wirklich ein besonderes Jahr\u2026\u00a0","author":"Redaktion KESS","date":"Dezember 31, 2020","format":false,"excerpt":"Zum letzten Jahreswechsel hat bestimmt niemand gedacht, dass uns ein Virus solch eine herausfordernde Zeit bringen w\u00fcrde. Als wir dann im M\u00e4rz lernen mussten, mit den ersten Entscheidungen der Landesregierung umzugehen, konnten wir mit kleinen Filmen, in denen unsere Handpuppe Katharina Kw\u00e4hrdenker die Hauptrolle spielt, bei dem einen oder der\u2026","rel":"","context":"In &quot;Rund um Familien&quot;","block_context":{"text":"Rund um Familien","link":"http:\/\/blog.familienzentrum-kess.de\/?cat=4"},"img":{"alt_text":"","src":"https:\/\/i0.wp.com\/blog.familienzentrum-kess.de\/wp-content\/uploads\/2020\/12\/IMG_2365-scaled.jpeg?fit=900%2C1200&resize=350%2C200","width":350,"height":200,"srcset":"https:\/\/i0.wp.com\/blog.familienzentrum-kess.de\/wp-content\/uploads\/2020\/12\/IMG_2365-scaled.jpeg?fit=900%2C1200&resize=350%2C200 1x, https:\/\/i0.wp.com\/blog.familienzentrum-kess.de\/wp-content\/uploads\/2020\/12\/IMG_2365-scaled.jpeg?fit=900%2C1200&resize=525%2C300 1.5x, https:\/\/i0.wp.com\/blog.familienzentrum-kess.de\/wp-content\/uploads\/2020\/12\/IMG_2365-scaled.jpeg?fit=900%2C1200&resize=700%2C400 2x"},"classes":[]},{"id":1642,"url":"http:\/\/blog.familienzentrum-kess.de\/?p=1642","url_meta":{"origin":2162,"position":2},"title":"Eine wirklich abenteuerliche Exkursion&#8230; :-)","author":"Redaktion KESS","date":"Februar 28, 2020","format":false,"excerpt":"erforderte am 22.02.2020 allen Mut und gute Miene zu Regen und Wind! Die Ausstellung \"Lichtkunst trifft Dichtkunst\" im franz\u00f6sischen Garten in Celle lockte uns zum Fotografieren nach drau\u00dfen, um die Besonderheiten der Nachtfotografie mit langen Belichtungszeiten zu \u00fcben. Trotz Regenmeldung kamen alle Teilnehmer p\u00fcnktlich und optimistisch in Celle an. Bei\u2026","rel":"","context":"In &quot;Aus der gro\u00dfen weiten Welt&quot;","block_context":{"text":"Aus der gro\u00dfen weiten Welt","link":"http:\/\/blog.familienzentrum-kess.de\/?cat=5"},"img":{"alt_text":"","src":"https:\/\/i0.wp.com\/blog.familienzentrum-kess.de\/wp-content\/uploads\/2020\/02\/IMG_2463-scaled.jpeg?fit=1200%2C900&resize=350%2C200","width":350,"height":200,"srcset":"https:\/\/i0.wp.com\/blog.familienzentrum-kess.de\/wp-content\/uploads\/2020\/02\/IMG_2463-scaled.jpeg?fit=1200%2C900&resize=350%2C200 1x, https:\/\/i0.wp.com\/blog.familienzentrum-kess.de\/wp-content\/uploads\/2020\/02\/IMG_2463-scaled.jpeg?fit=1200%2C900&resize=525%2C300 1.5x, https:\/\/i0.wp.com\/blog.familienzentrum-kess.de\/wp-content\/uploads\/2020\/02\/IMG_2463-scaled.jpeg?fit=1200%2C900&resize=700%2C400 2x, https:\/\/i0.wp.com\/blog.familienzentrum-kess.de\/wp-content\/uploads\/2020\/02\/IMG_2463-scaled.jpeg?fit=1200%2C900&resize=1050%2C600 3x"},"classes":[]},{"id":2153,"url":"http:\/\/blog.familienzentrum-kess.de\/?p=2153","url_meta":{"origin":2162,"position":3},"title":"Valentinsgr\u00fc\u00dfe gingen durchs  Dorf&#8230; :-)","author":"Redaktion KESS","date":"Februar 20, 2021","format":false,"excerpt":"Das war ja mal eine wilde Sache...! :-)\u00a0 \"Eine tolle Aktion\", \"Vielen Dank\", \"Ich habe mich sehr gefreut\"... solche und \u00e4hnliche Kommentare gab es viele zu unserem Artikel \u00fcber die Valentinsgru\u00df-Idee! Das freut uns vom KESS, SoVD und Seniorenbeirat wie verr\u00fcckt! 35 kleine und gro\u00dfe Wichtel, darunter 7 Kinder und\u2026","rel":"","context":"In &quot;Rund um Familien&quot;","block_context":{"text":"Rund um Familien","link":"http:\/\/blog.familienzentrum-kess.de\/?cat=4"},"img":{"alt_text":"","src":"https:\/\/i0.wp.com\/blog.familienzentrum-kess.de\/wp-content\/uploads\/2021\/01\/Wichtelhaus-Valentinstag-scaled.jpg?fit=900%2C1200&resize=350%2C200","width":350,"height":200,"srcset":"https:\/\/i0.wp.com\/blog.familienzentrum-kess.de\/wp-content\/uploads\/2021\/01\/Wichtelhaus-Valentinstag-scaled.jpg?fit=900%2C1200&resize=350%2C200 1x, https:\/\/i0.wp.com\/blog.familienzentrum-kess.de\/wp-content\/uploads\/2021\/01\/Wichtelhaus-Valentinstag-scaled.jpg?fit=900%2C1200&resize=525%2C300 1.5x, https:\/\/i0.wp.com\/blog.familienzentrum-kess.de\/wp-content\/uploads\/2021\/01\/Wichtelhaus-Valentinstag-scaled.jpg?fit=900%2C1200&resize=700%2C400 2x"},"classes":[]},{"id":2635,"url":"http:\/\/blog.familienzentrum-kess.de\/?p=2635","url_meta":{"origin":2162,"position":4},"title":"Das KESS-Team auf Zeitreise in die Wunderkammer :-)","author":"Andrea","date":"M\u00e4rz 12, 2023","format":false,"excerpt":"Fast p\u00fcnktlich zum Fr\u00fchlingsanfang machte sich ein gro\u00dfes Team an Mitarbeiter*innen mit dem Zug auf nach\u00a0Hamburg in das Altonaer Museum, um mit der\u00a0Erziehungswissenschaftlerin Dr. Kristina Calvert\u00a0\u00fcber das\u00a0Gl\u00fcck zu philosophieren.\u00a0:-) Sie stellten sich die Frage, was brauchen wir, um uns wohl zu f\u00fchlen und durch die verschiedenen historischen Stationen im Museum\u2026","rel":"","context":"In &quot;Aus der gro\u00dfen weiten Welt&quot;","block_context":{"text":"Aus der gro\u00dfen weiten Welt","link":"http:\/\/blog.familienzentrum-kess.de\/?cat=5"},"img":{"alt_text":"","src":"https:\/\/i0.wp.com\/blog.familienzentrum-kess.de\/wp-content\/uploads\/2023\/03\/7R300997-scaled.jpeg?fit=801%2C1200&resize=350%2C200","width":350,"height":200,"srcset":"https:\/\/i0.wp.com\/blog.familienzentrum-kess.de\/wp-content\/uploads\/2023\/03\/7R300997-scaled.jpeg?fit=801%2C1200&resize=350%2C200 1x, https:\/\/i0.wp.com\/blog.familienzentrum-kess.de\/wp-content\/uploads\/2023\/03\/7R300997-scaled.jpeg?fit=801%2C1200&resize=525%2C300 1.5x, https:\/\/i0.wp.com\/blog.familienzentrum-kess.de\/wp-content\/uploads\/2023\/03\/7R300997-scaled.jpeg?fit=801%2C1200&resize=700%2C400 2x"},"classes":[]},{"id":1907,"url":"http:\/\/blog.familienzentrum-kess.de\/?p=1907","url_meta":{"origin":2162,"position":5},"title":"Wir auf dem Land halten zusammen &#8211; mit Fantasie und Kreativit\u00e4t!","author":"Redaktion KESS","date":"Oktober 24, 2020","format":false,"excerpt":"Ein bewegtes halbes Jahr liegt hinter uns: Vieles, was vor Corona als angenehm und wohltuend gewertet wurde, wie \"einander in den Arm nehmen\", \"gemeinsam singen\", \"auf Reisen gehen\", gilt heute als gef\u00e4hrdend. Empathisch zu sein bedeutet: Abstand halten, gr\u00f6\u00dfere Gruppen meiden und Ber\u00fchrungen auf das N\u00f6tigste beschr\u00e4nken. Dieses Szenario h\u00e4tten\u2026","rel":"","context":"In &quot;Rund um Familien&quot;","block_context":{"text":"Rund um Familien","link":"http:\/\/blog.familienzentrum-kess.de\/?cat=4"},"img":{"alt_text":"","src":"https:\/\/i0.wp.com\/blog.familienzentrum-kess.de\/wp-content\/uploads\/2020\/09\/IMG_2311-rotated.jpg?fit=240%2C320&resize=350%2C200","width":350,"height":200},"classes":[]}],"_links":{"self":[{"href":"http:\/\/blog.familienzentrum-kess.de\/index.php?rest_route=\/wp\/v2\/posts\/2162","targetHints":{"allow":["GET"]}}],"collection":[{"href":"http:\/\/blog.familienzentrum-kess.de\/index.php?rest_route=\/wp\/v2\/posts"}],"about":[{"href":"http:\/\/blog.familienzentrum-kess.de\/index.php?rest_route=\/wp\/v2\/types\/post"}],"author":[{"embeddable":true,"href":"http:\/\/blog.familienzentrum-kess.de\/index.php?rest_route=\/wp\/v2\/users\/3"}],"replies":[{"embeddable":true,"href":"http:\/\/blog.familienzentrum-kess.de\/index.php?rest_route=%2Fwp%2Fv2%2Fcomments&post=2162"}],"version-history":[{"count":10,"href":"http:\/\/blog.familienzentrum-kess.de\/index.php?rest_route=\/wp\/v2\/posts\/2162\/revisions"}],"predecessor-version":[{"id":2260,"href":"http:\/\/blog.familienzentrum-kess.de\/index.php?rest_route=\/wp\/v2\/posts\/2162\/revisions\/2260"}],"wp:featuredmedia":[{"embeddable":true,"href":"http:\/\/blog.familienzentrum-kess.de\/index.php?rest_route=\/wp\/v2\/media\/1881"}],"wp:attachment":[{"href":"http:\/\/blog.familienzentrum-kess.de\/index.php?rest_route=%2Fwp%2Fv2%2Fmedia&parent=2162"}],"wp:term":[{"taxonomy":"category","embeddable":true,"href":"http:\/\/blog.familienzentrum-kess.de\/index.php?rest_route=%2Fwp%2Fv2%2Fcategories&post=2162"},{"taxonomy":"post_tag","embeddable":true,"href":"http:\/\/blog.familienzentrum-kess.de\/index.php?rest_route=%2Fwp%2Fv2%2Ftags&post=2162"}],"curies":[{"name":"wp","href":"https:\/\/api.w.org\/{rel}","templated":true}]}}