{"id":2067,"date":"2020-12-06T06:03:48","date_gmt":"2020-12-06T06:03:48","guid":{"rendered":"http:\/\/blog.familienzentrum-kess.de\/?p=2067"},"modified":"2020-12-13T06:53:25","modified_gmt":"2020-12-13T06:53:25","slug":"online-adventsgruss-zum-2-advent","status":"publish","type":"post","link":"http:\/\/blog.familienzentrum-kess.de\/?p=2067","title":{"rendered":"Online-Adventsgru\u00df zum 2. Advent&#8230; :-)"},"content":{"rendered":"<p><a href=\"https:\/\/i0.wp.com\/blog.familienzentrum-kess.de\/wp-content\/uploads\/2020\/11\/IMG_4282-scaled.jpg\"><img data-recalc-dims=\"1\" loading=\"lazy\" decoding=\"async\" data-attachment-id=\"2085\" data-permalink=\"http:\/\/blog.familienzentrum-kess.de\/?attachment_id=2085\" data-orig-file=\"https:\/\/i0.wp.com\/blog.familienzentrum-kess.de\/wp-content\/uploads\/2020\/11\/IMG_4282-scaled.jpg?fit=2560%2C1920\" data-orig-size=\"2560,1920\" data-comments-opened=\"1\" data-image-meta=\"{&quot;aperture&quot;:&quot;1.8&quot;,&quot;credit&quot;:&quot;&quot;,&quot;camera&quot;:&quot;iPhone XS&quot;,&quot;caption&quot;:&quot;&quot;,&quot;created_timestamp&quot;:&quot;1605801958&quot;,&quot;copyright&quot;:&quot;&quot;,&quot;focal_length&quot;:&quot;4.25&quot;,&quot;iso&quot;:&quot;500&quot;,&quot;shutter_speed&quot;:&quot;0.04&quot;,&quot;title&quot;:&quot;&quot;,&quot;orientation&quot;:&quot;1&quot;}\" data-image-title=\"IMG_4282\" data-image-description=\"\" data-image-caption=\"\" data-large-file=\"https:\/\/i0.wp.com\/blog.familienzentrum-kess.de\/wp-content\/uploads\/2020\/11\/IMG_4282-scaled.jpg?fit=678%2C509\" class=\"size-medium wp-image-2085 alignleft\" src=\"https:\/\/i0.wp.com\/blog.familienzentrum-kess.de\/wp-content\/uploads\/2020\/11\/IMG_4282.jpg?resize=300%2C225\" alt=\"\" width=\"300\" height=\"225\" srcset=\"https:\/\/i0.wp.com\/blog.familienzentrum-kess.de\/wp-content\/uploads\/2020\/11\/IMG_4282-scaled.jpg?resize=300%2C225 300w, https:\/\/i0.wp.com\/blog.familienzentrum-kess.de\/wp-content\/uploads\/2020\/11\/IMG_4282-scaled.jpg?resize=1024%2C768 1024w, https:\/\/i0.wp.com\/blog.familienzentrum-kess.de\/wp-content\/uploads\/2020\/11\/IMG_4282-scaled.jpg?resize=768%2C576 768w, https:\/\/i0.wp.com\/blog.familienzentrum-kess.de\/wp-content\/uploads\/2020\/11\/IMG_4282-scaled.jpg?resize=1536%2C1152 1536w, https:\/\/i0.wp.com\/blog.familienzentrum-kess.de\/wp-content\/uploads\/2020\/11\/IMG_4282-scaled.jpg?resize=2048%2C1536 2048w, https:\/\/i0.wp.com\/blog.familienzentrum-kess.de\/wp-content\/uploads\/2020\/11\/IMG_4282-scaled.jpg?w=1356 1356w\" sizes=\"auto, (max-width: 300px) 100vw, 300px\" \/><\/a><a href=\"http:\/\/blog.familienzentrum-kess.de\/wp-content\/uploads\/2020\/11\/IMG_4285-scaled.jpg\"><br \/>\n<\/a><\/p>\n<p>&nbsp;<\/p>\n<p>Wir w\u00fcnschen Ihnen und Euch einen wunderbaren 2. Advent und viel Spa\u00df beim Anschauen unser Videobotschaft! \ud83d\ude42<\/p>\n<p>&nbsp;<\/p>\n<p>&nbsp;<\/p>\n<p>&nbsp;<\/p>\n<div class=\"jetpack-video-wrapper\"><span class=\"embed-youtube\" style=\"text-align:center; display: block;\"><iframe loading=\"lazy\" class=\"youtube-player\" width=\"560\" height=\"315\" src=\"https:\/\/www.youtube.com\/embed\/JIL7dZCkKEY?version=3&#038;rel=1&#038;showsearch=0&#038;showinfo=1&#038;iv_load_policy=1&#038;fs=1&#038;hl=de-DE&#038;autohide=2&#038;wmode=transparent\" allowfullscreen=\"true\" style=\"border:0;\" sandbox=\"allow-scripts allow-same-origin allow-popups allow-presentation allow-popups-to-escape-sandbox\"><\/iframe><\/span><\/div>\n<p>&nbsp;<\/p>\n<p>&nbsp;<\/p>\n","protected":false},"excerpt":{"rendered":"<p>&nbsp; Wir w\u00fcnschen Ihnen und Euch einen wunderbaren 2. Advent und viel Spa\u00df beim Anschauen unser Videobotschaft! \ud83d\ude42 &nbsp; &nbsp; &nbsp; &nbsp; &nbsp;<\/p>\n","protected":false},"author":3,"featured_media":2085,"comment_status":"open","ping_status":"open","sticky":false,"template":"","format":"standard","meta":{"ngg_post_thumbnail":0,"jetpack_post_was_ever_published":false,"_jetpack_newsletter_access":"","_jetpack_dont_email_post_to_subs":false,"_jetpack_newsletter_tier_id":0,"_jetpack_memberships_contains_paywalled_content":false,"_jetpack_memberships_contains_paid_content":false,"footnotes":"","jetpack_publicize_message":"","jetpack_publicize_feature_enabled":true,"jetpack_social_post_already_shared":true,"jetpack_social_options":{"image_generator_settings":{"template":"highway","default_image_id":0,"font":"","enabled":false},"version":2}},"categories":[4],"tags":[],"class_list":["post-2067","post","type-post","status-publish","format-standard","has-post-thumbnail","hentry","category-rund-um-familien"],"jetpack_publicize_connections":[],"jetpack_featured_media_url":"https:\/\/i0.wp.com\/blog.familienzentrum-kess.de\/wp-content\/uploads\/2020\/11\/IMG_4282-scaled.jpg?fit=2560%2C1920","jetpack_sharing_enabled":true,"jetpack_shortlink":"https:\/\/wp.me\/p9ruXL-xl","jetpack_likes_enabled":false,"jetpack-related-posts":[{"id":2078,"url":"http:\/\/blog.familienzentrum-kess.de\/?p=2078","url_meta":{"origin":2067,"position":0},"title":"Online-Adventsgru\u00df zum 3. Advent&#8230; :-)","author":"Redaktion KESS","date":"Dezember 13, 2020","format":false,"excerpt":"\u00a0 Zum heutigen 3. Advent w\u00fcnschen wir Ihnen und Euch\u00a0eine sch\u00f6ne vorweihnachtliche\u00a0Stimmung und viel Spa\u00df beim Mitsingen! :-)\u00a0 \u00a0 \u00a0 \u00a0 \u00a0","rel":"","context":"In &quot;Rund um Familien&quot;","block_context":{"text":"Rund um Familien","link":"http:\/\/blog.familienzentrum-kess.de\/?cat=4"},"img":{"alt_text":"","src":"https:\/\/i0.wp.com\/blog.familienzentrum-kess.de\/wp-content\/uploads\/2020\/11\/IMG_4287-scaled.jpg?fit=1200%2C900&resize=350%2C200","width":350,"height":200,"srcset":"https:\/\/i0.wp.com\/blog.familienzentrum-kess.de\/wp-content\/uploads\/2020\/11\/IMG_4287-scaled.jpg?fit=1200%2C900&resize=350%2C200 1x, https:\/\/i0.wp.com\/blog.familienzentrum-kess.de\/wp-content\/uploads\/2020\/11\/IMG_4287-scaled.jpg?fit=1200%2C900&resize=525%2C300 1.5x, https:\/\/i0.wp.com\/blog.familienzentrum-kess.de\/wp-content\/uploads\/2020\/11\/IMG_4287-scaled.jpg?fit=1200%2C900&resize=700%2C400 2x, https:\/\/i0.wp.com\/blog.familienzentrum-kess.de\/wp-content\/uploads\/2020\/11\/IMG_4287-scaled.jpg?fit=1200%2C900&resize=1050%2C600 3x"},"classes":[]},{"id":2088,"url":"http:\/\/blog.familienzentrum-kess.de\/?p=2088","url_meta":{"origin":2067,"position":1},"title":"Online-Adventsgru\u00df zum 4. Advent&#8230; :-)","author":"Redaktion KESS","date":"Dezember 20, 2020","format":false,"excerpt":"\u00a0 Mit dem heutigen Videogru\u00df w\u00fcnschen wir einen besinnlichen 4. Advent und frohe Weihnachten! Genie\u00dft die Zeit trotz aller Widrigkeiten, bleibt gesund und kommt gut ins neue Jahr! Euer KESS-Team...\u00a0 \u00a0 \u00a0","rel":"","context":"In &quot;Rund um Familien&quot;","block_context":{"text":"Rund um Familien","link":"http:\/\/blog.familienzentrum-kess.de\/?cat=4"},"img":{"alt_text":"","src":"https:\/\/i0.wp.com\/blog.familienzentrum-kess.de\/wp-content\/uploads\/2020\/12\/4.-Advent-2.jpg?fit=1000%2C750&resize=350%2C200","width":350,"height":200,"srcset":"https:\/\/i0.wp.com\/blog.familienzentrum-kess.de\/wp-content\/uploads\/2020\/12\/4.-Advent-2.jpg?fit=1000%2C750&resize=350%2C200 1x, https:\/\/i0.wp.com\/blog.familienzentrum-kess.de\/wp-content\/uploads\/2020\/12\/4.-Advent-2.jpg?fit=1000%2C750&resize=525%2C300 1.5x, https:\/\/i0.wp.com\/blog.familienzentrum-kess.de\/wp-content\/uploads\/2020\/12\/4.-Advent-2.jpg?fit=1000%2C750&resize=700%2C400 2x"},"classes":[]},{"id":2064,"url":"http:\/\/blog.familienzentrum-kess.de\/?p=2064","url_meta":{"origin":2067,"position":2},"title":"Online-Adventsgru\u00df zum 1. Advent&#8230; :-)","author":"Redaktion KESS","date":"November 28, 2020","format":false,"excerpt":"In diesem Jahr gibt es vom Familienzentrum KESS zu jedem Advents-Wochenende eine liebevoll gestaltete Videobotschaft! Zum heutigen 1. Advent w\u00fcnschen wir Ihnen und Euch einen sch\u00f6nen Start in die kommende Adventszeit!\u00a0 Viel Spa\u00df beim Anschauen! :-)\u00a0 \u00a0 \u00a0 \u00a0 \u00a0 \u00a0 \u00a0","rel":"","context":"In &quot;Rund um Familien&quot;","block_context":{"text":"Rund um Familien","link":"http:\/\/blog.familienzentrum-kess.de\/?cat=4"},"img":{"alt_text":"","src":"https:\/\/i0.wp.com\/blog.familienzentrum-kess.de\/wp-content\/uploads\/2020\/11\/IMG_4280-scaled.jpg?fit=1200%2C900&resize=350%2C200","width":350,"height":200,"srcset":"https:\/\/i0.wp.com\/blog.familienzentrum-kess.de\/wp-content\/uploads\/2020\/11\/IMG_4280-scaled.jpg?fit=1200%2C900&resize=350%2C200 1x, https:\/\/i0.wp.com\/blog.familienzentrum-kess.de\/wp-content\/uploads\/2020\/11\/IMG_4280-scaled.jpg?fit=1200%2C900&resize=525%2C300 1.5x, https:\/\/i0.wp.com\/blog.familienzentrum-kess.de\/wp-content\/uploads\/2020\/11\/IMG_4280-scaled.jpg?fit=1200%2C900&resize=700%2C400 2x, https:\/\/i0.wp.com\/blog.familienzentrum-kess.de\/wp-content\/uploads\/2020\/11\/IMG_4280-scaled.jpg?fit=1200%2C900&resize=1050%2C600 3x"},"classes":[]},{"id":2520,"url":"http:\/\/blog.familienzentrum-kess.de\/?p=2520","url_meta":{"origin":2067,"position":3},"title":"Fotoworkshop mit weihnachtlicher Stimmung\u2026 :-)","author":"Redaktion KESS","date":"Dezember 3, 2021","format":false,"excerpt":"Zur Einstimmung in eine besinnliche Zeit fand p\u00fcnktlich einen Tag vor dem 1. Advent ein besonderes Weihnachts-Fotoshooting statt. Mit Kaffeeduft, Kerzenschein, Geb\u00e4ck und Tannengr\u00fcn starteten unsere Teilnehmer in einen kreativen Tag.\u00a0An unterschiedlichen Arbeitspl\u00e4tzen entstanden kleine verschneite Landschaften und Wichtelbehausungen. Zu den Stars dieses Shootings geh\u00f6rten au\u00dferdem Rentiere, Schneem\u00e4nner, Wichtel und\u2026","rel":"","context":"In &quot;Rund um Familien&quot;","block_context":{"text":"Rund um Familien","link":"http:\/\/blog.familienzentrum-kess.de\/?cat=4"},"img":{"alt_text":"","src":"https:\/\/i0.wp.com\/blog.familienzentrum-kess.de\/wp-content\/uploads\/2021\/12\/IMG_5967-scaled.jpg?fit=900%2C1200&resize=350%2C200","width":350,"height":200,"srcset":"https:\/\/i0.wp.com\/blog.familienzentrum-kess.de\/wp-content\/uploads\/2021\/12\/IMG_5967-scaled.jpg?fit=900%2C1200&resize=350%2C200 1x, https:\/\/i0.wp.com\/blog.familienzentrum-kess.de\/wp-content\/uploads\/2021\/12\/IMG_5967-scaled.jpg?fit=900%2C1200&resize=525%2C300 1.5x, https:\/\/i0.wp.com\/blog.familienzentrum-kess.de\/wp-content\/uploads\/2021\/12\/IMG_5967-scaled.jpg?fit=900%2C1200&resize=700%2C400 2x"},"classes":[]},{"id":1931,"url":"http:\/\/blog.familienzentrum-kess.de\/?p=1931","url_meta":{"origin":2067,"position":4},"title":"Ein erfolgreicher Fotokurs neigt sich dem Ende zu&#8230; :-)","author":"Redaktion KESS","date":"November 3, 2020","format":false,"excerpt":"Vom Fr\u00fchling bis zum Winter fand in diesem Jahr ein Fotokurs rund um Wienhausen statt. Bei Wind und Wetter, Sonne und Regen streiften wir monatlich durch die Natur. Vom Klosterpark bis zur Aller und den nahe gelegenen Seen, besuchten wir die Waldgebiete inklusive Teile der begehrten Wanderwege. Dabei war und\u2026","rel":"","context":"In &quot;Aus der gro\u00dfen weiten Welt&quot;","block_context":{"text":"Aus der gro\u00dfen weiten Welt","link":"http:\/\/blog.familienzentrum-kess.de\/?cat=5"},"img":{"alt_text":"","src":"https:\/\/i0.wp.com\/blog.familienzentrum-kess.de\/wp-content\/uploads\/2020\/11\/IMG_0387.jpeg?fit=1200%2C1200&resize=350%2C200","width":350,"height":200,"srcset":"https:\/\/i0.wp.com\/blog.familienzentrum-kess.de\/wp-content\/uploads\/2020\/11\/IMG_0387.jpeg?fit=1200%2C1200&resize=350%2C200 1x, https:\/\/i0.wp.com\/blog.familienzentrum-kess.de\/wp-content\/uploads\/2020\/11\/IMG_0387.jpeg?fit=1200%2C1200&resize=525%2C300 1.5x, https:\/\/i0.wp.com\/blog.familienzentrum-kess.de\/wp-content\/uploads\/2020\/11\/IMG_0387.jpeg?fit=1200%2C1200&resize=700%2C400 2x, https:\/\/i0.wp.com\/blog.familienzentrum-kess.de\/wp-content\/uploads\/2020\/11\/IMG_0387.jpeg?fit=1200%2C1200&resize=1050%2C600 3x"},"classes":[]},{"id":2153,"url":"http:\/\/blog.familienzentrum-kess.de\/?p=2153","url_meta":{"origin":2067,"position":5},"title":"Valentinsgr\u00fc\u00dfe gingen durchs  Dorf&#8230; :-)","author":"Redaktion KESS","date":"Februar 20, 2021","format":false,"excerpt":"Das war ja mal eine wilde Sache...! :-)\u00a0 \"Eine tolle Aktion\", \"Vielen Dank\", \"Ich habe mich sehr gefreut\"... solche und \u00e4hnliche Kommentare gab es viele zu unserem Artikel \u00fcber die Valentinsgru\u00df-Idee! Das freut uns vom KESS, SoVD und Seniorenbeirat wie verr\u00fcckt! 35 kleine und gro\u00dfe Wichtel, darunter 7 Kinder und\u2026","rel":"","context":"In &quot;Rund um Familien&quot;","block_context":{"text":"Rund um Familien","link":"http:\/\/blog.familienzentrum-kess.de\/?cat=4"},"img":{"alt_text":"","src":"https:\/\/i0.wp.com\/blog.familienzentrum-kess.de\/wp-content\/uploads\/2021\/01\/Wichtelhaus-Valentinstag-scaled.jpg?fit=900%2C1200&resize=350%2C200","width":350,"height":200,"srcset":"https:\/\/i0.wp.com\/blog.familienzentrum-kess.de\/wp-content\/uploads\/2021\/01\/Wichtelhaus-Valentinstag-scaled.jpg?fit=900%2C1200&resize=350%2C200 1x, https:\/\/i0.wp.com\/blog.familienzentrum-kess.de\/wp-content\/uploads\/2021\/01\/Wichtelhaus-Valentinstag-scaled.jpg?fit=900%2C1200&resize=525%2C300 1.5x, https:\/\/i0.wp.com\/blog.familienzentrum-kess.de\/wp-content\/uploads\/2021\/01\/Wichtelhaus-Valentinstag-scaled.jpg?fit=900%2C1200&resize=700%2C400 2x"},"classes":[]}],"_links":{"self":[{"href":"http:\/\/blog.familienzentrum-kess.de\/index.php?rest_route=\/wp\/v2\/posts\/2067","targetHints":{"allow":["GET"]}}],"collection":[{"href":"http:\/\/blog.familienzentrum-kess.de\/index.php?rest_route=\/wp\/v2\/posts"}],"about":[{"href":"http:\/\/blog.familienzentrum-kess.de\/index.php?rest_route=\/wp\/v2\/types\/post"}],"author":[{"embeddable":true,"href":"http:\/\/blog.familienzentrum-kess.de\/index.php?rest_route=\/wp\/v2\/users\/3"}],"replies":[{"embeddable":true,"href":"http:\/\/blog.familienzentrum-kess.de\/index.php?rest_route=%2Fwp%2Fv2%2Fcomments&post=2067"}],"version-history":[{"count":12,"href":"http:\/\/blog.familienzentrum-kess.de\/index.php?rest_route=\/wp\/v2\/posts\/2067\/revisions"}],"predecessor-version":[{"id":2097,"href":"http:\/\/blog.familienzentrum-kess.de\/index.php?rest_route=\/wp\/v2\/posts\/2067\/revisions\/2097"}],"wp:featuredmedia":[{"embeddable":true,"href":"http:\/\/blog.familienzentrum-kess.de\/index.php?rest_route=\/wp\/v2\/media\/2085"}],"wp:attachment":[{"href":"http:\/\/blog.familienzentrum-kess.de\/index.php?rest_route=%2Fwp%2Fv2%2Fmedia&parent=2067"}],"wp:term":[{"taxonomy":"category","embeddable":true,"href":"http:\/\/blog.familienzentrum-kess.de\/index.php?rest_route=%2Fwp%2Fv2%2Fcategories&post=2067"},{"taxonomy":"post_tag","embeddable":true,"href":"http:\/\/blog.familienzentrum-kess.de\/index.php?rest_route=%2Fwp%2Fv2%2Ftags&post=2067"}],"curies":[{"name":"wp","href":"https:\/\/api.w.org\/{rel}","templated":true}]}}