{"id":1988,"date":"2020-11-07T08:35:01","date_gmt":"2020-11-07T08:35:01","guid":{"rendered":"http:\/\/blog.familienzentrum-kess.de\/?p=1988"},"modified":"2020-11-07T08:45:33","modified_gmt":"2020-11-07T08:45:33","slug":"einfach-teilen-adventskalender-mit-ueberraschungen","status":"publish","type":"post","link":"http:\/\/blog.familienzentrum-kess.de\/?p=1988","title":{"rendered":"Einfach teilen &#8211; Adventskalender mit \u00dcberraschungen"},"content":{"rendered":"<p><a href=\"https:\/\/i0.wp.com\/blog.familienzentrum-kess.de\/wp-content\/uploads\/2020\/11\/Logo-fantasie-scaled.jpg\"><img data-recalc-dims=\"1\" loading=\"lazy\" decoding=\"async\" data-attachment-id=\"1991\" data-permalink=\"http:\/\/blog.familienzentrum-kess.de\/?attachment_id=1991\" data-orig-file=\"https:\/\/i0.wp.com\/blog.familienzentrum-kess.de\/wp-content\/uploads\/2020\/11\/Logo-fantasie-scaled.jpg?fit=2560%2C1225\" data-orig-size=\"2560,1225\" data-comments-opened=\"1\" data-image-meta=\"{&quot;aperture&quot;:&quot;0&quot;,&quot;credit&quot;:&quot;&quot;,&quot;camera&quot;:&quot;&quot;,&quot;caption&quot;:&quot;&quot;,&quot;created_timestamp&quot;:&quot;1602061666&quot;,&quot;copyright&quot;:&quot;&quot;,&quot;focal_length&quot;:&quot;0&quot;,&quot;iso&quot;:&quot;0&quot;,&quot;shutter_speed&quot;:&quot;0&quot;,&quot;title&quot;:&quot;&quot;,&quot;orientation&quot;:&quot;1&quot;}\" data-image-title=\"Logo fantasie\" data-image-description=\"\" data-image-caption=\"\" data-large-file=\"https:\/\/i0.wp.com\/blog.familienzentrum-kess.de\/wp-content\/uploads\/2020\/11\/Logo-fantasie-scaled.jpg?fit=678%2C324\" class=\"wp-image-1991 alignnone\" src=\"https:\/\/i0.wp.com\/blog.familienzentrum-kess.de\/wp-content\/uploads\/2020\/11\/Logo-fantasie.jpg?resize=227%2C109\" alt=\"\" width=\"227\" height=\"109\" srcset=\"https:\/\/i0.wp.com\/blog.familienzentrum-kess.de\/wp-content\/uploads\/2020\/11\/Logo-fantasie-scaled.jpg?resize=300%2C144 300w, https:\/\/i0.wp.com\/blog.familienzentrum-kess.de\/wp-content\/uploads\/2020\/11\/Logo-fantasie-scaled.jpg?resize=1024%2C490 1024w, https:\/\/i0.wp.com\/blog.familienzentrum-kess.de\/wp-content\/uploads\/2020\/11\/Logo-fantasie-scaled.jpg?resize=768%2C367 768w, https:\/\/i0.wp.com\/blog.familienzentrum-kess.de\/wp-content\/uploads\/2020\/11\/Logo-fantasie-scaled.jpg?resize=1536%2C735 1536w, https:\/\/i0.wp.com\/blog.familienzentrum-kess.de\/wp-content\/uploads\/2020\/11\/Logo-fantasie-scaled.jpg?resize=2048%2C980 2048w, https:\/\/i0.wp.com\/blog.familienzentrum-kess.de\/wp-content\/uploads\/2020\/11\/Logo-fantasie-scaled.jpg?w=1356 1356w\" sizes=\"auto, (max-width: 227px) 100vw, 227px\" \/><\/a><a href=\"http:\/\/blog.familienzentrum-kess.de\/wp-content\/uploads\/2020\/11\/Logo-fantasie.tif\"><img loading=\"lazy\" decoding=\"async\" class=\"alignright size-medium wp-image-1990\" src=\"http:\/\/blog.familienzentrum-kess.de\/wp-content\/uploads\/2020\/11\/Logo-fantasie.tif\" alt=\"\" width=\"1\" height=\"1\"><\/a><\/p>\n<p><strong>Einfach teilen &#8211; Adventskalender mit \u00dcberraschungen<\/strong><\/p>\n<p>Die Familienb\u00fcros der Samtgemeinden Wathlingen und Flotwedel sowie der Gemeinden Wietze, Eschede und Winsen starten gemeinsam mit den Mehrgenerationenh\u00e4usern in Nienhagen und Celle die Aktion <strong>&#8222;Geteilter Adventskalender&#8220;<\/strong>. <!--more-->Mitmachen kann jede und jeder, der in den oben genannten Orten wohnt, die Vorweihnachtszeit ganz bewusst genie\u00dfen und sich im Dezember einmal am Tag \u00fcberraschen lassen m\u00f6chte.<\/p>\n<p>&#8222;Wie sch\u00f6n w\u00e4re es, wenn wir trotz der Einschr\u00e4nkungen im \u00f6ffentlichen Leben &#8222;menschliche N\u00e4he trotz Distanz&#8220; ganz bewusst leben\u201c, w\u00fcnscht Sigrid Th\u00f6ling, Leiterin des Familienb\u00fcros in der Samtgemeinde&nbsp;Wathlingen.<\/p>\n<p><strong>Die Grundidee ist einfach:<\/strong> Eine telefonische Anmeldung in den Familienb\u00fcros bis zum 13. November gen\u00fcgt. Danach bleiben noch 10 Tage Zeit, um <strong>24 gleiche<\/strong> P\u00e4ckchen zu packen. Hinein kommt etwas selbst Gebasteltes, Gebackenes, Geschriebenes oder, oder&#8230;<\/p>\n<p>Ende November wird dann unter Anleitung der Familienb\u00fcros untereinander getauscht, so dass jede*r mit 24 neuen P\u00e4ckchen nach Hause geht.<\/p>\n<p><a href=\"https:\/\/i0.wp.com\/blog.familienzentrum-kess.de\/wp-content\/uploads\/2020\/11\/Adventskalender-2020.jpg\"><img data-recalc-dims=\"1\" loading=\"lazy\" decoding=\"async\" data-attachment-id=\"1989\" data-permalink=\"http:\/\/blog.familienzentrum-kess.de\/?attachment_id=1989\" data-orig-file=\"https:\/\/i0.wp.com\/blog.familienzentrum-kess.de\/wp-content\/uploads\/2020\/11\/Adventskalender-2020.jpg?fit=1024%2C872\" data-orig-size=\"1024,872\" data-comments-opened=\"1\" data-image-meta=\"{&quot;aperture&quot;:&quot;0&quot;,&quot;credit&quot;:&quot;&quot;,&quot;camera&quot;:&quot;&quot;,&quot;caption&quot;:&quot;&quot;,&quot;created_timestamp&quot;:&quot;0&quot;,&quot;copyright&quot;:&quot;&quot;,&quot;focal_length&quot;:&quot;0&quot;,&quot;iso&quot;:&quot;0&quot;,&quot;shutter_speed&quot;:&quot;0&quot;,&quot;title&quot;:&quot;&quot;,&quot;orientation&quot;:&quot;0&quot;}\" data-image-title=\"Adventskalender 2020\" data-image-description=\"\" data-image-caption=\"\" data-large-file=\"https:\/\/i0.wp.com\/blog.familienzentrum-kess.de\/wp-content\/uploads\/2020\/11\/Adventskalender-2020.jpg?fit=678%2C577\" class=\"size-medium wp-image-1989 alignleft\" src=\"https:\/\/i0.wp.com\/blog.familienzentrum-kess.de\/wp-content\/uploads\/2020\/11\/Adventskalender-2020.jpg?resize=300%2C255\" alt=\"\" width=\"300\" height=\"255\" srcset=\"https:\/\/i0.wp.com\/blog.familienzentrum-kess.de\/wp-content\/uploads\/2020\/11\/Adventskalender-2020.jpg?resize=300%2C255 300w, https:\/\/i0.wp.com\/blog.familienzentrum-kess.de\/wp-content\/uploads\/2020\/11\/Adventskalender-2020.jpg?resize=768%2C654 768w, https:\/\/i0.wp.com\/blog.familienzentrum-kess.de\/wp-content\/uploads\/2020\/11\/Adventskalender-2020.jpg?w=1024 1024w\" sizes=\"auto, (max-width: 300px) 100vw, 300px\" \/><\/a><\/p>\n<p>&nbsp;<\/p>\n<p>&nbsp;<\/p>\n<p>&nbsp;<\/p>\n<p>Rufen Sie uns einfach an (<strong>05144-970627<\/strong>) und machen mit!<\/p>\n<p>&nbsp;<\/p>\n","protected":false},"excerpt":{"rendered":"<p>Einfach teilen &#8211; Adventskalender mit \u00dcberraschungen Die Familienb\u00fcros der Samtgemeinden Wathlingen und Flotwedel sowie der Gemeinden Wietze, Eschede und Winsen starten gemeinsam mit den Mehrgenerationenh\u00e4usern in Nienhagen und Celle die Aktion &#8222;Geteilter Adventskalender&#8220;.<\/p>\n","protected":false},"author":3,"featured_media":1989,"comment_status":"open","ping_status":"open","sticky":false,"template":"","format":"standard","meta":{"ngg_post_thumbnail":0,"jetpack_post_was_ever_published":false,"_jetpack_newsletter_access":"","_jetpack_dont_email_post_to_subs":false,"_jetpack_newsletter_tier_id":0,"_jetpack_memberships_contains_paywalled_content":false,"_jetpack_memberships_contains_paid_content":false,"footnotes":"","jetpack_publicize_message":"","jetpack_publicize_feature_enabled":true,"jetpack_social_post_already_shared":true,"jetpack_social_options":{"image_generator_settings":{"template":"highway","default_image_id":0,"font":"","enabled":false},"version":2}},"categories":[4],"tags":[],"class_list":["post-1988","post","type-post","status-publish","format-standard","has-post-thumbnail","hentry","category-rund-um-familien"],"jetpack_publicize_connections":[],"jetpack_featured_media_url":"https:\/\/i0.wp.com\/blog.familienzentrum-kess.de\/wp-content\/uploads\/2020\/11\/Adventskalender-2020.jpg?fit=1024%2C872","jetpack_sharing_enabled":true,"jetpack_shortlink":"https:\/\/wp.me\/p9ruXL-w4","jetpack_likes_enabled":false,"jetpack-related-posts":[{"id":694,"url":"http:\/\/blog.familienzentrum-kess.de\/?p=694","url_meta":{"origin":1988,"position":0},"title":"Hallo meine Lieben!","author":"Redaktion KESS","date":"Januar 12, 2018","format":false,"excerpt":"Ich bin Kiram aus Syrien , jetzt bin ich in Deutschland seit 2 Jahren und mache im KESS einen Bundesfreiwilligendienst. Heute wollte ich Ihnen gerne meine Meinung zum Thema \"Weihnachten\" mitteilen: Zuerst w\u00fcnsche ich Ihnen \"frohe Weihnachten\" und ein \"Frohes Neues Jahr\". Das Beste an Silvester und Weihnachten sind das\u2026","rel":"","context":"In &quot;Mein Blick auf Deutschland&quot;","block_context":{"text":"Mein Blick auf Deutschland","link":"http:\/\/blog.familienzentrum-kess.de\/?cat=6"},"img":{"alt_text":"","src":"https:\/\/i0.wp.com\/blog.familienzentrum-kess.de\/wp-content\/uploads\/2018\/01\/FullSizeR.jpg?fit=899%2C1200&resize=350%2C200","width":350,"height":200,"srcset":"https:\/\/i0.wp.com\/blog.familienzentrum-kess.de\/wp-content\/uploads\/2018\/01\/FullSizeR.jpg?fit=899%2C1200&resize=350%2C200 1x, https:\/\/i0.wp.com\/blog.familienzentrum-kess.de\/wp-content\/uploads\/2018\/01\/FullSizeR.jpg?fit=899%2C1200&resize=525%2C300 1.5x, https:\/\/i0.wp.com\/blog.familienzentrum-kess.de\/wp-content\/uploads\/2018\/01\/FullSizeR.jpg?fit=899%2C1200&resize=700%2C400 2x"},"classes":[]},{"id":1873,"url":"http:\/\/blog.familienzentrum-kess.de\/?p=1873","url_meta":{"origin":1988,"position":1},"title":"Nachrichten per Flaschenpost&#8230; :-)","author":"Redaktion KESS","date":"Juni 19, 2020","format":false,"excerpt":"eine gemeinsame Aktion der Mehrgenerationenh\u00e4user in Nienhagen und Celle!\u00a0 Wer hat schon einmal eine Flaschenpost erhalten oder sogar selbst eine ins Meer geworfen? Wurde sie gefunden und beantwortet? Zugegeben - in Zeiten von Messenger-Diensten und Sozialen Medien ist es heute viel schneller m\u00f6glich, andere Menschen kennen zu lernen. Aber oft\u2026","rel":"","context":"In &quot;Aus der gro\u00dfen weiten Welt&quot;","block_context":{"text":"Aus der gro\u00dfen weiten Welt","link":"http:\/\/blog.familienzentrum-kess.de\/?cat=5"},"img":{"alt_text":"","src":"https:\/\/i0.wp.com\/blog.familienzentrum-kess.de\/wp-content\/uploads\/2020\/06\/Flaschenpost-6.jpg?fit=640%2C480&resize=350%2C200","width":350,"height":200,"srcset":"https:\/\/i0.wp.com\/blog.familienzentrum-kess.de\/wp-content\/uploads\/2020\/06\/Flaschenpost-6.jpg?fit=640%2C480&resize=350%2C200 1x, https:\/\/i0.wp.com\/blog.familienzentrum-kess.de\/wp-content\/uploads\/2020\/06\/Flaschenpost-6.jpg?fit=640%2C480&resize=525%2C300 1.5x"},"classes":[]},{"id":2162,"url":"http:\/\/blog.familienzentrum-kess.de\/?p=2162","url_meta":{"origin":1988,"position":2},"title":"Das KESS to go&#8230; :-)","author":"Redaktion KESS","date":"Februar 22, 2021","format":false,"excerpt":"Der neue Hybrid-Online-Kurs \u201eMusikwelt im Fr\u00fchling\u201c.... ein gro\u00dfartiges Konzept! Angefangen hatte es mit der Idee, dass Kurse, die in Pr\u00e4senz nicht zu Ende gef\u00fchrt werden konnten, einen w\u00fcrdigen Abschluss finden sollten. Also haben wir uns einfach hingesetzt und mit dem Handy eine Kursstunde gedreht. Diese wurde zu YouTube hochgeladen und\u2026","rel":"","context":"In &quot;Rund um Familien&quot;","block_context":{"text":"Rund um Familien","link":"http:\/\/blog.familienzentrum-kess.de\/?cat=4"},"img":{"alt_text":"","src":"https:\/\/i0.wp.com\/blog.familienzentrum-kess.de\/wp-content\/uploads\/2019\/12\/cropped-IMG_9604-scaled-1.jpeg?fit=1200%2C750&resize=350%2C200","width":350,"height":200,"srcset":"https:\/\/i0.wp.com\/blog.familienzentrum-kess.de\/wp-content\/uploads\/2019\/12\/cropped-IMG_9604-scaled-1.jpeg?fit=1200%2C750&resize=350%2C200 1x, https:\/\/i0.wp.com\/blog.familienzentrum-kess.de\/wp-content\/uploads\/2019\/12\/cropped-IMG_9604-scaled-1.jpeg?fit=1200%2C750&resize=525%2C300 1.5x, https:\/\/i0.wp.com\/blog.familienzentrum-kess.de\/wp-content\/uploads\/2019\/12\/cropped-IMG_9604-scaled-1.jpeg?fit=1200%2C750&resize=700%2C400 2x, https:\/\/i0.wp.com\/blog.familienzentrum-kess.de\/wp-content\/uploads\/2019\/12\/cropped-IMG_9604-scaled-1.jpeg?fit=1200%2C750&resize=1050%2C600 3x"},"classes":[]},{"id":2267,"url":"http:\/\/blog.familienzentrum-kess.de\/?p=2267","url_meta":{"origin":1988,"position":3},"title":"Jetzt ist unser neuer Kurs fertig!!!","author":"Redaktion KESS","date":"M\u00e4rz 27, 2021","format":false,"excerpt":"Wir wollen den Fr\u00fchling mit euch feiern, die St\u00f6rche besuchen, mit den Fischen singen, \u00fcber den Main auf einer Br\u00fccke von Stein tanzen und vieles mehr! Unsere neue Musikwelt \u201eIm Fr\u00fchling\u201c umfasst 4 Einheiten mit Liedern und gemeinsamen Bastelaktionen! Dar\u00fcber hinaus bekommt man zwei Kurzfilme: \u201eWir bauen Rasseleier\u201c und\u00a0\u201eWir bauen\u2026","rel":"","context":"In &quot;Rund um Familien&quot;","block_context":{"text":"Rund um Familien","link":"http:\/\/blog.familienzentrum-kess.de\/?cat=4"},"img":{"alt_text":"","src":"https:\/\/i0.wp.com\/blog.familienzentrum-kess.de\/wp-content\/uploads\/2021\/03\/DSC02604-scaled.jpg?fit=1200%2C801&resize=350%2C200","width":350,"height":200,"srcset":"https:\/\/i0.wp.com\/blog.familienzentrum-kess.de\/wp-content\/uploads\/2021\/03\/DSC02604-scaled.jpg?fit=1200%2C801&resize=350%2C200 1x, https:\/\/i0.wp.com\/blog.familienzentrum-kess.de\/wp-content\/uploads\/2021\/03\/DSC02604-scaled.jpg?fit=1200%2C801&resize=525%2C300 1.5x, https:\/\/i0.wp.com\/blog.familienzentrum-kess.de\/wp-content\/uploads\/2021\/03\/DSC02604-scaled.jpg?fit=1200%2C801&resize=700%2C400 2x, https:\/\/i0.wp.com\/blog.familienzentrum-kess.de\/wp-content\/uploads\/2021\/03\/DSC02604-scaled.jpg?fit=1200%2C801&resize=1050%2C600 3x"},"classes":[]},{"id":1597,"url":"http:\/\/blog.familienzentrum-kess.de\/?p=1597","url_meta":{"origin":1988,"position":4},"title":"Er\u00f6ffnung der &#8222;Guten Stube bei Tante Emma und Onkel Willi&#8220;&#8230; :-)","author":"Redaktion KESS","date":"Dezember 19, 2019","format":false,"excerpt":"Eine doch etwas l\u00e4ngere Zeit ist vergangen, seitdem die Idee der \"Guten Stube von Tante Emma und Onkel Willi\" entstanden ist. Aber nun wurde sie am 09. Dezember mit vielen netten G\u00e4sten er\u00f6ffnet!\u00a0 Es ist eine wunderbare M\u00f6glichkeit entstanden, in einer wohnzimmer\u00e4hnlichen Atmosph\u00e4re mit Freunden und Gleichgesinnten, Zeit zu verbringen!\u2026","rel":"","context":"In &quot;Bei Tante Emma und Onkel Willi&quot;","block_context":{"text":"Bei Tante Emma und Onkel Willi","link":"http:\/\/blog.familienzentrum-kess.de\/?cat=2"},"img":{"alt_text":"","src":"https:\/\/i0.wp.com\/blog.familienzentrum-kess.de\/wp-content\/uploads\/2019\/12\/1cb3a9f3-023f-4ba8-9e63-f10e3e6ca502.jpg?fit=1200%2C675&resize=350%2C200","width":350,"height":200,"srcset":"https:\/\/i0.wp.com\/blog.familienzentrum-kess.de\/wp-content\/uploads\/2019\/12\/1cb3a9f3-023f-4ba8-9e63-f10e3e6ca502.jpg?fit=1200%2C675&resize=350%2C200 1x, https:\/\/i0.wp.com\/blog.familienzentrum-kess.de\/wp-content\/uploads\/2019\/12\/1cb3a9f3-023f-4ba8-9e63-f10e3e6ca502.jpg?fit=1200%2C675&resize=525%2C300 1.5x, https:\/\/i0.wp.com\/blog.familienzentrum-kess.de\/wp-content\/uploads\/2019\/12\/1cb3a9f3-023f-4ba8-9e63-f10e3e6ca502.jpg?fit=1200%2C675&resize=700%2C400 2x, https:\/\/i0.wp.com\/blog.familienzentrum-kess.de\/wp-content\/uploads\/2019\/12\/1cb3a9f3-023f-4ba8-9e63-f10e3e6ca502.jpg?fit=1200%2C675&resize=1050%2C600 3x"},"classes":[]},{"id":1907,"url":"http:\/\/blog.familienzentrum-kess.de\/?p=1907","url_meta":{"origin":1988,"position":5},"title":"Wir auf dem Land halten zusammen &#8211; mit Fantasie und Kreativit\u00e4t!","author":"Redaktion KESS","date":"Oktober 24, 2020","format":false,"excerpt":"Ein bewegtes halbes Jahr liegt hinter uns: Vieles, was vor Corona als angenehm und wohltuend gewertet wurde, wie \"einander in den Arm nehmen\", \"gemeinsam singen\", \"auf Reisen gehen\", gilt heute als gef\u00e4hrdend. Empathisch zu sein bedeutet: Abstand halten, gr\u00f6\u00dfere Gruppen meiden und Ber\u00fchrungen auf das N\u00f6tigste beschr\u00e4nken. Dieses Szenario h\u00e4tten\u2026","rel":"","context":"In &quot;Rund um Familien&quot;","block_context":{"text":"Rund um Familien","link":"http:\/\/blog.familienzentrum-kess.de\/?cat=4"},"img":{"alt_text":"","src":"https:\/\/i0.wp.com\/blog.familienzentrum-kess.de\/wp-content\/uploads\/2020\/09\/IMG_2311-rotated.jpg?fit=240%2C320&resize=350%2C200","width":350,"height":200},"classes":[]}],"_links":{"self":[{"href":"http:\/\/blog.familienzentrum-kess.de\/index.php?rest_route=\/wp\/v2\/posts\/1988","targetHints":{"allow":["GET"]}}],"collection":[{"href":"http:\/\/blog.familienzentrum-kess.de\/index.php?rest_route=\/wp\/v2\/posts"}],"about":[{"href":"http:\/\/blog.familienzentrum-kess.de\/index.php?rest_route=\/wp\/v2\/types\/post"}],"author":[{"embeddable":true,"href":"http:\/\/blog.familienzentrum-kess.de\/index.php?rest_route=\/wp\/v2\/users\/3"}],"replies":[{"embeddable":true,"href":"http:\/\/blog.familienzentrum-kess.de\/index.php?rest_route=%2Fwp%2Fv2%2Fcomments&post=1988"}],"version-history":[{"count":8,"href":"http:\/\/blog.familienzentrum-kess.de\/index.php?rest_route=\/wp\/v2\/posts\/1988\/revisions"}],"predecessor-version":[{"id":2004,"href":"http:\/\/blog.familienzentrum-kess.de\/index.php?rest_route=\/wp\/v2\/posts\/1988\/revisions\/2004"}],"wp:featuredmedia":[{"embeddable":true,"href":"http:\/\/blog.familienzentrum-kess.de\/index.php?rest_route=\/wp\/v2\/media\/1989"}],"wp:attachment":[{"href":"http:\/\/blog.familienzentrum-kess.de\/index.php?rest_route=%2Fwp%2Fv2%2Fmedia&parent=1988"}],"wp:term":[{"taxonomy":"category","embeddable":true,"href":"http:\/\/blog.familienzentrum-kess.de\/index.php?rest_route=%2Fwp%2Fv2%2Fcategories&post=1988"},{"taxonomy":"post_tag","embeddable":true,"href":"http:\/\/blog.familienzentrum-kess.de\/index.php?rest_route=%2Fwp%2Fv2%2Ftags&post=1988"}],"curies":[{"name":"wp","href":"https:\/\/api.w.org\/{rel}","templated":true}]}}