{"id":1783,"date":"2020-04-24T15:18:51","date_gmt":"2020-04-24T15:18:51","guid":{"rendered":"http:\/\/blog.familienzentrum-kess.de\/?p=1783"},"modified":"2020-06-10T08:23:09","modified_gmt":"2020-06-10T08:23:09","slug":"katharina-bekommt-besuch","status":"publish","type":"post","link":"http:\/\/blog.familienzentrum-kess.de\/?p=1783","title":{"rendered":"Katharina bekommt Besuch&#8230; :-)"},"content":{"rendered":"<p>&nbsp;<\/p>\n<p>von ihrer Freundin <strong>Angelina<\/strong>!<\/p>\n<div style=\"width: 320px;\" class=\"wp-video\"><!--[if lt IE 9]><script>document.createElement('video');<\/script><![endif]-->\n<video class=\"wp-video-shortcode\" id=\"video-1783-1\" width=\"320\" height=\"240\" poster=\"http:\/\/blog.familienzentrum-kess.de\/wp-content\/uploads\/2020\/04\/Bildschirmfoto-2020-04-24-um-15.49.48.png\" preload=\"metadata\" controls=\"controls\"><source type=\"video\/mp4\" src=\"http:\/\/blog.familienzentrum-kess.de\/wp-content\/uploads\/2020\/04\/Katharina-und-Angelina.mp4?_=1\" \/><a href=\"http:\/\/blog.familienzentrum-kess.de\/wp-content\/uploads\/2020\/04\/Katharina-und-Angelina.mp4\">http:\/\/blog.familienzentrum-kess.de\/wp-content\/uploads\/2020\/04\/Katharina-und-Angelina.mp4<\/a><\/video><\/div>\n","protected":false},"excerpt":{"rendered":"<p>&nbsp; von ihrer Freundin Angelina!<\/p>\n","protected":false},"author":3,"featured_media":1784,"comment_status":"open","ping_status":"open","sticky":false,"template":"","format":"standard","meta":{"ngg_post_thumbnail":0,"jetpack_post_was_ever_published":false,"_jetpack_newsletter_access":"","_jetpack_dont_email_post_to_subs":false,"_jetpack_newsletter_tier_id":0,"_jetpack_memberships_contains_paywalled_content":false,"_jetpack_memberships_contains_paid_content":false,"footnotes":"","jetpack_publicize_message":"","jetpack_publicize_feature_enabled":true,"jetpack_social_post_already_shared":true,"jetpack_social_options":{"image_generator_settings":{"template":"highway","default_image_id":0,"font":"","enabled":false},"version":2}},"categories":[4],"tags":[],"class_list":["post-1783","post","type-post","status-publish","format-standard","has-post-thumbnail","hentry","category-rund-um-familien"],"jetpack_publicize_connections":[],"jetpack_featured_media_url":"https:\/\/i0.wp.com\/blog.familienzentrum-kess.de\/wp-content\/uploads\/2020\/04\/Bildschirmfoto-2020-04-24-um-15.49.48.png?fit=174%2C132","jetpack_sharing_enabled":true,"jetpack_shortlink":"https:\/\/wp.me\/p9ruXL-sL","jetpack_likes_enabled":false,"jetpack-related-posts":[{"id":1750,"url":"http:\/\/blog.familienzentrum-kess.de\/?p=1750","url_meta":{"origin":1783,"position":0},"title":"Und nun lauscht Katharina&#8230; :-)","author":"Redaktion KESS","date":"April 17, 2020","format":false,"excerpt":"der Geschichte von \"Jana Joghurt\"\u00a0 \u00a0","rel":"","context":"In &quot;Rund um Familien&quot;","block_context":{"text":"Rund um Familien","link":"http:\/\/blog.familienzentrum-kess.de\/?cat=4"},"img":{"alt_text":"","src":"https:\/\/i0.wp.com\/blog.familienzentrum-kess.de\/wp-content\/uploads\/2020\/04\/Episode-06-e1587106550634.jpg?fit=1200%2C675&resize=350%2C200","width":350,"height":200,"srcset":"https:\/\/i0.wp.com\/blog.familienzentrum-kess.de\/wp-content\/uploads\/2020\/04\/Episode-06-e1587106550634.jpg?fit=1200%2C675&resize=350%2C200 1x, https:\/\/i0.wp.com\/blog.familienzentrum-kess.de\/wp-content\/uploads\/2020\/04\/Episode-06-e1587106550634.jpg?fit=1200%2C675&resize=525%2C300 1.5x, https:\/\/i0.wp.com\/blog.familienzentrum-kess.de\/wp-content\/uploads\/2020\/04\/Episode-06-e1587106550634.jpg?fit=1200%2C675&resize=700%2C400 2x, https:\/\/i0.wp.com\/blog.familienzentrum-kess.de\/wp-content\/uploads\/2020\/04\/Episode-06-e1587106550634.jpg?fit=1200%2C675&resize=1050%2C600 3x"},"classes":[]},{"id":1726,"url":"http:\/\/blog.familienzentrum-kess.de\/?p=1726","url_meta":{"origin":1783,"position":1},"title":"Geschichten aus Schlappland&#8230; :-)","author":"Redaktion KESS","date":"April 9, 2020","format":false,"excerpt":"Katharina Kw\u00e4hrdenker l\u00e4sst sich eine Geschichte aus Schlappland erz\u00e4hlen! \u00a0","rel":"","context":"In &quot;Rund um Familien&quot;","block_context":{"text":"Rund um Familien","link":"http:\/\/blog.familienzentrum-kess.de\/?cat=4"},"img":{"alt_text":"","src":"https:\/\/i0.wp.com\/blog.familienzentrum-kess.de\/wp-content\/uploads\/2020\/04\/IMG_3107-scaled.jpg?fit=1200%2C900&resize=350%2C200","width":350,"height":200,"srcset":"https:\/\/i0.wp.com\/blog.familienzentrum-kess.de\/wp-content\/uploads\/2020\/04\/IMG_3107-scaled.jpg?fit=1200%2C900&resize=350%2C200 1x, https:\/\/i0.wp.com\/blog.familienzentrum-kess.de\/wp-content\/uploads\/2020\/04\/IMG_3107-scaled.jpg?fit=1200%2C900&resize=525%2C300 1.5x, https:\/\/i0.wp.com\/blog.familienzentrum-kess.de\/wp-content\/uploads\/2020\/04\/IMG_3107-scaled.jpg?fit=1200%2C900&resize=700%2C400 2x, https:\/\/i0.wp.com\/blog.familienzentrum-kess.de\/wp-content\/uploads\/2020\/04\/IMG_3107-scaled.jpg?fit=1200%2C900&resize=1050%2C600 3x"},"classes":[]},{"id":1761,"url":"http:\/\/blog.familienzentrum-kess.de\/?p=1761","url_meta":{"origin":1783,"position":2},"title":"Kochstudio &#8211;  Die Dritte! :-)","author":"Redaktion KESS","date":"April 21, 2020","format":false,"excerpt":"\u00a0 \"Sm\u00f6rre Br\u00f6ds Salat f\u00fcr \u00e4chte\u00a0Starkl\u00e4nder! Katharina\u00a0durfte schon in jungen Jahren bei Tim M\u00e4lzer, einem ber\u00fchmten Koch, ein\u00a0Praktikum machen.","rel":"","context":"In &quot;Rund um Familien&quot;","block_context":{"text":"Rund um Familien","link":"http:\/\/blog.familienzentrum-kess.de\/?cat=4"},"img":{"alt_text":"","src":"https:\/\/i0.wp.com\/blog.familienzentrum-kess.de\/wp-content\/uploads\/2020\/04\/Episode-07.jpg?fit=1200%2C675&resize=350%2C200","width":350,"height":200,"srcset":"https:\/\/i0.wp.com\/blog.familienzentrum-kess.de\/wp-content\/uploads\/2020\/04\/Episode-07.jpg?fit=1200%2C675&resize=350%2C200 1x, https:\/\/i0.wp.com\/blog.familienzentrum-kess.de\/wp-content\/uploads\/2020\/04\/Episode-07.jpg?fit=1200%2C675&resize=525%2C300 1.5x, https:\/\/i0.wp.com\/blog.familienzentrum-kess.de\/wp-content\/uploads\/2020\/04\/Episode-07.jpg?fit=1200%2C675&resize=700%2C400 2x, https:\/\/i0.wp.com\/blog.familienzentrum-kess.de\/wp-content\/uploads\/2020\/04\/Episode-07.jpg?fit=1200%2C675&resize=1050%2C600 3x"},"classes":[]},{"id":1792,"url":"http:\/\/blog.familienzentrum-kess.de\/?p=1792","url_meta":{"origin":1783,"position":3},"title":"Der Tag geht zu Ende&#8230; :-)","author":"Redaktion KESS","date":"April 25, 2020","format":false,"excerpt":"\"Mach die Augen zu, schlaf ein\" Katharina l\u00e4sst sich ein Schlaflied vorsingen... Und nun bleibt auch Zeit f\u00fcr die Erwachsenen sich ein wenig Entspannung zu g\u00f6nnen! \u00a0","rel":"","context":"In &quot;Rund um Familien&quot;","block_context":{"text":"Rund um Familien","link":"http:\/\/blog.familienzentrum-kess.de\/?cat=4"},"img":{"alt_text":"","src":"https:\/\/i0.wp.com\/blog.familienzentrum-kess.de\/wp-content\/uploads\/2020\/04\/Episode-08.jpg?fit=1200%2C675&resize=350%2C200","width":350,"height":200,"srcset":"https:\/\/i0.wp.com\/blog.familienzentrum-kess.de\/wp-content\/uploads\/2020\/04\/Episode-08.jpg?fit=1200%2C675&resize=350%2C200 1x, https:\/\/i0.wp.com\/blog.familienzentrum-kess.de\/wp-content\/uploads\/2020\/04\/Episode-08.jpg?fit=1200%2C675&resize=525%2C300 1.5x, https:\/\/i0.wp.com\/blog.familienzentrum-kess.de\/wp-content\/uploads\/2020\/04\/Episode-08.jpg?fit=1200%2C675&resize=700%2C400 2x, https:\/\/i0.wp.com\/blog.familienzentrum-kess.de\/wp-content\/uploads\/2020\/04\/Episode-08.jpg?fit=1200%2C675&resize=1050%2C600 3x"},"classes":[]},{"id":1804,"url":"http:\/\/blog.familienzentrum-kess.de\/?p=1804","url_meta":{"origin":1783,"position":4},"title":"Neues von Katharina und Angelina und die Sache mit dem Kuckuck&#8230; :-)","author":"Redaktion KESS","date":"Mai 8, 2020","format":false,"excerpt":"Endlich war wieder meine liebe Freundin Angelina da. Sie hatte etwas Zeit f\u00fcr mich und Tee f\u00fcr uns mitgebracht, und ich hatte noch Kwubbel-Kwabbel-Kuchen. Mmmhhh!!! Es ist soviel passiert, seitdem sie das letzte mal da war... Es sind doch tats\u00e4chlich Wichtel bei uns eingezogen, und in dem Baum neben unserem\u2026","rel":"","context":"In &quot;Rund um Familien&quot;","block_context":{"text":"Rund um Familien","link":"http:\/\/blog.familienzentrum-kess.de\/?cat=4"},"img":{"alt_text":"","src":"https:\/\/i0.wp.com\/blog.familienzentrum-kess.de\/wp-content\/uploads\/2020\/05\/Katharina-und-Angelina-vor-dem-Wichtelbaum.jpeg?fit=953%2C1200&resize=350%2C200","width":350,"height":200,"srcset":"https:\/\/i0.wp.com\/blog.familienzentrum-kess.de\/wp-content\/uploads\/2020\/05\/Katharina-und-Angelina-vor-dem-Wichtelbaum.jpeg?fit=953%2C1200&resize=350%2C200 1x, https:\/\/i0.wp.com\/blog.familienzentrum-kess.de\/wp-content\/uploads\/2020\/05\/Katharina-und-Angelina-vor-dem-Wichtelbaum.jpeg?fit=953%2C1200&resize=525%2C300 1.5x, https:\/\/i0.wp.com\/blog.familienzentrum-kess.de\/wp-content\/uploads\/2020\/05\/Katharina-und-Angelina-vor-dem-Wichtelbaum.jpeg?fit=953%2C1200&resize=700%2C400 2x"},"classes":[]},{"id":1737,"url":"http:\/\/blog.familienzentrum-kess.de\/?p=1737","url_meta":{"origin":1783,"position":5},"title":"&#8222;Smusis&#8220; mit Tante Esmeralda&#8230; :-)","author":"Redaktion KESS","date":"April 15, 2020","format":false,"excerpt":"In einer weiteren Kochshow entstehen nun leckere \"Smusis\" nach einem Rezept\u00a0von \"Tante Esmeralda\" aus Venezuela.\u00a0 Am Freitag l\u00e4sst sich Katharina Kw\u00e4hrdenker, die schon\u00a0vor 20 Jahren den Kw\u00e4hrdenker-Club gegr\u00fcndet hat, dann eine Geschichte von\u00a0Jana Joghurt, einer kleinen, dicken Milchs\u00e4urebakterie, erz\u00e4hlen. Diese\u00a0wird Zeugin, wie ein fieser Virus von zwei Helferzellen im Dickdarm\u00a0gefangen\u2026","rel":"","context":"In &quot;Rund um Familien&quot;","block_context":{"text":"Rund um Familien","link":"http:\/\/blog.familienzentrum-kess.de\/?cat=4"},"img":{"alt_text":"","src":"https:\/\/i0.wp.com\/blog.familienzentrum-kess.de\/wp-content\/uploads\/2020\/04\/Tante-Esmeralda-1-e1586943530448.jpg?fit=500%2C739&resize=350%2C200","width":350,"height":200},"classes":[]}],"_links":{"self":[{"href":"http:\/\/blog.familienzentrum-kess.de\/index.php?rest_route=\/wp\/v2\/posts\/1783","targetHints":{"allow":["GET"]}}],"collection":[{"href":"http:\/\/blog.familienzentrum-kess.de\/index.php?rest_route=\/wp\/v2\/posts"}],"about":[{"href":"http:\/\/blog.familienzentrum-kess.de\/index.php?rest_route=\/wp\/v2\/types\/post"}],"author":[{"embeddable":true,"href":"http:\/\/blog.familienzentrum-kess.de\/index.php?rest_route=\/wp\/v2\/users\/3"}],"replies":[{"embeddable":true,"href":"http:\/\/blog.familienzentrum-kess.de\/index.php?rest_route=%2Fwp%2Fv2%2Fcomments&post=1783"}],"version-history":[{"count":7,"href":"http:\/\/blog.familienzentrum-kess.de\/index.php?rest_route=\/wp\/v2\/posts\/1783\/revisions"}],"predecessor-version":[{"id":1791,"href":"http:\/\/blog.familienzentrum-kess.de\/index.php?rest_route=\/wp\/v2\/posts\/1783\/revisions\/1791"}],"wp:featuredmedia":[{"embeddable":true,"href":"http:\/\/blog.familienzentrum-kess.de\/index.php?rest_route=\/wp\/v2\/media\/1784"}],"wp:attachment":[{"href":"http:\/\/blog.familienzentrum-kess.de\/index.php?rest_route=%2Fwp%2Fv2%2Fmedia&parent=1783"}],"wp:term":[{"taxonomy":"category","embeddable":true,"href":"http:\/\/blog.familienzentrum-kess.de\/index.php?rest_route=%2Fwp%2Fv2%2Fcategories&post=1783"},{"taxonomy":"post_tag","embeddable":true,"href":"http:\/\/blog.familienzentrum-kess.de\/index.php?rest_route=%2Fwp%2Fv2%2Ftags&post=1783"}],"curies":[{"name":"wp","href":"https:\/\/api.w.org\/{rel}","templated":true}]}}